[{"@context":"https:\/\/schema.org\/","@type":"Article","@id":"https:\/\/www.ssro.sk\/vianoce-vo-svetlach\/#Article","mainEntityOfPage":"https:\/\/www.ssro.sk\/vianoce-vo-svetlach\/","headline":"Vianoce vo svetl\u00e1ch","name":"Vianoce vo svetl\u00e1ch","description":"Kr\u00e1sa Viano\u010dn\u00fdch svetiel a pr\u00edjemnej atmosf\u00e9ry v kruhu najbli\u017e\u0161ej rodiny. To je asi obraz kr\u00e1snych Vianoc v\u00e4\u010d\u0161iny z n\u00e1s. Preto nev\u00e1hajte a objednajte si e\u0161te","datePublished":"2022-10-16","dateModified":"2023-05-04","author":{"@type":"Person","@id":"https:\/\/www.ssro.sk\/author\/devene\/#Person","name":"devene","url":"https:\/\/www.ssro.sk\/author\/devene\/","identifier":1,"image":{"@type":"ImageObject","@id":"https:\/\/secure.gravatar.com\/avatar\/614460c3109f6ef46730ae87c5e2be623f574940fabcec1214dc0d8d5af688cf?s=96&d=mm&r=g","url":"https:\/\/secure.gravatar.com\/avatar\/614460c3109f6ef46730ae87c5e2be623f574940fabcec1214dc0d8d5af688cf?s=96&d=mm&r=g","height":96,"width":96}},"publisher":{"@type":"Organization","name":"ssro.sk","logo":{"@type":"ImageObject","@id":"\/logo.png","url":"\/logo.png","width":600,"height":60}},"image":{"@type":"ImageObject","@id":"https:\/\/www.ssro.sk\/wp-content\/uploads\/hd-wallpaper-g56f3c721b_640.jpg","url":"https:\/\/www.ssro.sk\/wp-content\/uploads\/hd-wallpaper-g56f3c721b_640.jpg","height":0,"width":0},"url":"https:\/\/www.ssro.sk\/vianoce-vo-svetlach\/","about":["V\u00fdrobky"],"wordCount":420,"articleBody":"          Kr\u00e1sa Viano\u010dn\u00fdch svetiel a pr\u00edjemnej atmosf\u00e9ry v kruhu najbli\u017e\u0161ej rodiny. To je asi obraz kr\u00e1snych Vianoc v\u00e4\u010d\u0161iny z n\u00e1s. Preto nev\u00e1hajte a objednajte si e\u0161te dnes na str\u00e1nke veselevianoce.sk Viano\u010dn\u00e9 svetl\u00e1 \u010di u\u017e na V\u00e1\u0161 Viano\u010dn\u00fd strom\u010dek, alebo len tak na v\u00fdzdobu interi\u00e9ru \u010di exteri\u00e9ru. Viano\u010dn\u00e9 svetl\u00e1 dodaj\u00fa celkovej Viano\u010dnej atmosf\u00e9re to prav\u00e9 k\u00fazlo a vy si tak m\u00f4\u017eete spr\u00edjemni\u0165 a skr\u00e1\u0161li\u0165 svoj domov. Samozrejme, nezab\u00fadajme, \u017ee aj po\u010das najkraj\u0161\u00edch sviatkov v roku je nutn\u00e9 pracova\u0165, a preto, aby ste sa v pr\u00e1ci c\u00edtili naozaj pr\u00edjemne, aj po\u010das Viano\u010dn\u00fdch sviatkov, je na mieste, myslie\u0165 na Viano\u010dn\u00fa v\u00fdzdobu aj na pracovisku. Preto si tu m\u00f4\u017eete n\u00e1js\u0165 vhodn\u00e9 Viano\u010dn\u00e9 sveteln\u00e9 LED re\u0165aze aj na v\u00fdzdobu vo Va\u0161om zamestnan\u00ed.Viano\u010dn\u00e9 osvetlenie v podobe Viano\u010dn\u00fdch LED re\u0165az\u00ed si m\u00f4\u017eete zak\u00fapi\u0165 v r\u00f4znych farebn\u00fdch prevedeniach ale rovnako tak aj v r\u00f4znych d\u013a\u017ekach. Nutn\u00e9 je pri objednan\u00ed sveteln\u00fdch re\u0165az\u00ed dba\u0165 na to, aby tieto boli vhodn\u00e9 pr\u00e1ve pod\u013ea umiestnenie a teda je nutn\u00e9 dodr\u017eiava\u0165 krit\u00e9rium IP ochrany. N\u00e1jdete tu sveteln\u00e9 re\u0165aze rozdelen\u00e9 pre v\u00fdzdobu a teda ich umiestnenie vo vonkaj\u0161om prostred\u00ed, teda v exteri\u00e9ry, ale naopak aj re\u0165aze vhodn\u00e9 pre v\u00fdzdobu z vn\u00fatra a teda v interi\u00e9ry.Pri sveteln\u00fdch re\u0165aziach ur\u010den\u00fdch pre vonkaj\u0161iu v\u00fdzdobu a teda ur\u010den\u00fdch pre exteri\u00e9r je IP ochrana vy\u0161\u0161ia a tieto sveteln\u00e9 re\u0165aze s\u00fa kon\u0161truk\u010dne inak vyr\u00e1ban\u00e9, aby dok\u00e1zali odol\u00e1va\u0165 vonkaj\u0161\u00edm vplyvom, po\u010dasiu. M\u00f4\u017eete si vybera\u0165 v d\u013a\u017eke re\u0165az\u00ed od 10 metrov, pri\u010dom si m\u00f4\u017eete zvoli\u0165 ak\u00e9ko\u013evek farebn\u00e9 prevedenie, od studenej a teplej bielej, a\u017e po \u010derven\u00fa, zelen\u00fa \u010di modr\u00fa. Pri t\u00fdchto sveteln\u00fdch re\u0165aziach si m\u00f4\u017eete zvoli\u0165 takzvan\u00fd FLASH efekt, pri ktorom tieto sveteln\u00e9 re\u0165aze preblik\u00e1vaj\u00fa, \u010do vytv\u00e1ra celkov\u00fa akoby trblietav\u00fa atmosf\u00e9ru t\u00fdchto svetiel. Samozrejme, tieto krit\u00e9ri\u00e1 je mo\u017en\u00e9 si vybra\u0165 aj pre sveteln\u00e9 re\u0165aze ur\u010den\u00e9 pre interi\u00e9r a teda pre vn\u00fatorn\u00fa v\u00fdzdobu. D\u013a\u017eku sveteln\u00fdch re\u0165az\u00ed je mo\u017en\u00e9 nakonfigurova\u0165 pomocou napojenia viacerak\u00fdch segmentov s pomocou EASY \u2013 CONNECT.                                                                                                                                                                                                                                                                                                                                                                                          4.4\/5 - (15 votes)        "},{"@context":"https:\/\/schema.org\/","@type":"BreadcrumbList","itemListElement":[{"@type":"ListItem","position":1,"name":"Vianoce vo svetl\u00e1ch","item":"https:\/\/www.ssro.sk\/vianoce-vo-svetlach\/#breadcrumbitem"}]}]